


{"id":466,"count":3,"description":"Il pi\u00f9 piccolo dei sette primitivi colli dell'antica Roma, il <strong>Campidoglio<\/strong> era il cuore politico e religioso della citt\u00e0, con una vista sul Foro. Era dominato dal grande e maestoso <strong>Tempio di Giove<\/strong>.\r\nLa sua fisionomia \u00e8 cambiata molto nel tempo, gli antichi edifici sono scomparsi, salvo i resti delle pareti nel seminterrato. Il suo aspetto attuale \u00e8 ereditato dal XVI secolo quando Michelangelo progett\u00f2 questa piazza armoniosa circondata dai suoi palazzi su tre lati, a cui si accede da una scala monumentale.\r\nLa statua al centro della piazza \u00e8 una copia dell'originale statua equestre in bronzo di <strong>Marco-Aurelio<\/strong>.","link":"https:\/\/www.rome-roma.net\/it\/etichetta\/campidoglio\/","name":"Campidoglio","slug":"campidoglio","taxonomy":"etiquettes_site","meta":[],"acf":[],"yoast_head":"<!-- This site is optimized with the Yoast SEO plugin v17.4 - https:\/\/yoast.com\/wordpress\/plugins\/seo\/ -->\n<title>Rubrica Campidoglio - Tema &ndash; Rome-Roma<\/title>\n<meta name=\"robots\" content=\"index, follow, max-snippet:-1, max-image-preview:large, max-video-preview:-1\" \/>\n<link rel=\"canonical\" href=\"https:\/\/www.rome-roma.net\/it\/etichetta\/campidoglio\/\" \/>\n<meta property=\"og:locale\" content=\"it_IT\" \/>\n<meta property=\"og:type\" content=\"article\" \/>\n<meta property=\"og:title\" content=\"Rubrica Campidoglio - Tema &ndash; Rome-Roma\" \/>\n<meta property=\"og:description\" content=\"Il pi\u00f9 piccolo dei sette primitivi colli dell&#8217;antica Roma, il Campidoglio era il cuore politico e religioso della citt\u00e0, con una vista sul Foro. Era dominato dal grande e maestoso Tempio di Giove. La sua fisionomia \u00e8 cambiata molto nel tempo, gli antichi edifici sono scomparsi, salvo i resti delle pareti nel seminterrato. Il suo aspetto attuale \u00e8 ereditato dal XVI secolo quando Michelangelo progett\u00f2 questa piazza armoniosa circondata dai suoi palazzi su tre lati, a cui si accede da una scala monumentale. La statua al centro della piazza \u00e8 una copia dell&#8217;originale statua equestre in bronzo di Marco-Aurelio.\" \/>\n<meta property=\"og:url\" content=\"https:\/\/www.rome-roma.net\/it\/etichetta\/campidoglio\/\" \/>\n<meta property=\"og:site_name\" content=\"Rome-Roma\" \/>\n<meta name=\"twitter:card\" content=\"summary_large_image\" \/>\n<script type=\"application\/ld+json\" class=\"yoast-schema-graph\">{\"@context\":\"https:\/\/schema.org\",\"@graph\":[{\"@type\":\"Organization\",\"@id\":\"https:\/\/www.rome-roma.net\/it\/#organization\",\"name\":\"Rome-Roma\",\"url\":\"https:\/\/www.rome-roma.net\/it\/\",\"sameAs\":[],\"logo\":{\"@type\":\"ImageObject\",\"@id\":\"https:\/\/www.rome-roma.net\/it\/#logo\",\"inLanguage\":\"it-IT\",\"url\":\"https:\/\/www.rome-roma.net\/wp-content\/uploads\/2025\/07\/logo-rome-roma-420.jpg\",\"contentUrl\":\"https:\/\/www.rome-roma.net\/wp-content\/uploads\/2025\/07\/logo-rome-roma-420.jpg\",\"width\":420,\"height\":420,\"caption\":\"Rome-Roma\"},\"image\":{\"@id\":\"https:\/\/www.rome-roma.net\/it\/#logo\"}},{\"@type\":\"WebSite\",\"@id\":\"https:\/\/www.rome-roma.net\/it\/#website\",\"url\":\"https:\/\/www.rome-roma.net\/it\/\",\"name\":\"Rome-Roma\",\"description\":\"Cultura & Viaggio\",\"publisher\":{\"@id\":\"https:\/\/www.rome-roma.net\/it\/#organization\"},\"potentialAction\":[{\"@type\":\"SearchAction\",\"target\":{\"@type\":\"EntryPoint\",\"urlTemplate\":\"https:\/\/www.rome-roma.net\/it\/?s={search_term_string}\"},\"query-input\":\"required name=search_term_string\"}],\"inLanguage\":\"it-IT\"},{\"@type\":\"CollectionPage\",\"@id\":\"https:\/\/www.rome-roma.net\/it\/etichetta\/campidoglio\/#webpage\",\"url\":\"https:\/\/www.rome-roma.net\/it\/etichetta\/campidoglio\/\",\"name\":\"Rubrica Campidoglio - Tema &ndash; Rome-Roma\",\"isPartOf\":{\"@id\":\"https:\/\/www.rome-roma.net\/it\/#website\"},\"breadcrumb\":{\"@id\":\"https:\/\/www.rome-roma.net\/it\/etichetta\/campidoglio\/#breadcrumb\"},\"inLanguage\":\"it-IT\",\"potentialAction\":[{\"@type\":\"ReadAction\",\"target\":[\"https:\/\/www.rome-roma.net\/it\/etichetta\/campidoglio\/\"]}]},{\"@type\":\"BreadcrumbList\",\"@id\":\"https:\/\/www.rome-roma.net\/it\/etichetta\/campidoglio\/#breadcrumb\",\"itemListElement\":[{\"@type\":\"ListItem\",\"position\":1,\"name\":\"Accueil\",\"item\":\"https:\/\/www.rome-roma.net\/it\/\"},{\"@type\":\"ListItem\",\"position\":2,\"name\":\"Campidoglio\"}]}]}<\/script>\n<!-- \/ Yoast SEO plugin. -->","yoast_head_json":{"title":"Rubrica Campidoglio - Tema &ndash; Rome-Roma","robots":{"index":"index","follow":"follow","max-snippet":"max-snippet:-1","max-image-preview":"max-image-preview:large","max-video-preview":"max-video-preview:-1"},"canonical":"https:\/\/www.rome-roma.net\/it\/etichetta\/campidoglio\/","og_locale":"it_IT","og_type":"article","og_title":"Rubrica Campidoglio - Tema &ndash; Rome-Roma","og_description":"Il pi\u00f9 piccolo dei sette primitivi colli dell&#8217;antica Roma, il Campidoglio era il cuore politico e religioso della citt\u00e0, con una vista sul Foro. Era dominato dal grande e maestoso Tempio di Giove. La sua fisionomia \u00e8 cambiata molto nel tempo, gli antichi edifici sono scomparsi, salvo i resti delle pareti nel seminterrato. Il suo aspetto attuale \u00e8 ereditato dal XVI secolo quando Michelangelo progett\u00f2 questa piazza armoniosa circondata dai suoi palazzi su tre lati, a cui si accede da una scala monumentale. La statua al centro della piazza \u00e8 una copia dell&#8217;originale statua equestre in bronzo di Marco-Aurelio.","og_url":"https:\/\/www.rome-roma.net\/it\/etichetta\/campidoglio\/","og_site_name":"Rome-Roma","twitter_card":"summary_large_image","schema":{"@context":"https:\/\/schema.org","@graph":[{"@type":"Organization","@id":"https:\/\/www.rome-roma.net\/it\/#organization","name":"Rome-Roma","url":"https:\/\/www.rome-roma.net\/it\/","sameAs":[],"logo":{"@type":"ImageObject","@id":"https:\/\/www.rome-roma.net\/it\/#logo","inLanguage":"it-IT","url":"https:\/\/www.rome-roma.net\/wp-content\/uploads\/2025\/07\/logo-rome-roma-420.jpg","contentUrl":"https:\/\/www.rome-roma.net\/wp-content\/uploads\/2025\/07\/logo-rome-roma-420.jpg","width":420,"height":420,"caption":"Rome-Roma"},"image":{"@id":"https:\/\/www.rome-roma.net\/it\/#logo"}},{"@type":"WebSite","@id":"https:\/\/www.rome-roma.net\/it\/#website","url":"https:\/\/www.rome-roma.net\/it\/","name":"Rome-Roma","description":"Cultura & Viaggio","publisher":{"@id":"https:\/\/www.rome-roma.net\/it\/#organization"},"potentialAction":[{"@type":"SearchAction","target":{"@type":"EntryPoint","urlTemplate":"https:\/\/www.rome-roma.net\/it\/?s={search_term_string}"},"query-input":"required name=search_term_string"}],"inLanguage":"it-IT"},{"@type":"CollectionPage","@id":"https:\/\/www.rome-roma.net\/it\/etichetta\/campidoglio\/#webpage","url":"https:\/\/www.rome-roma.net\/it\/etichetta\/campidoglio\/","name":"Rubrica Campidoglio - Tema &ndash; Rome-Roma","isPartOf":{"@id":"https:\/\/www.rome-roma.net\/it\/#website"},"breadcrumb":{"@id":"https:\/\/www.rome-roma.net\/it\/etichetta\/campidoglio\/#breadcrumb"},"inLanguage":"it-IT","potentialAction":[{"@type":"ReadAction","target":["https:\/\/www.rome-roma.net\/it\/etichetta\/campidoglio\/"]}]},{"@type":"BreadcrumbList","@id":"https:\/\/www.rome-roma.net\/it\/etichetta\/campidoglio\/#breadcrumb","itemListElement":[{"@type":"ListItem","position":1,"name":"Accueil","item":"https:\/\/www.rome-roma.net\/it\/"},{"@type":"ListItem","position":2,"name":"Campidoglio"}]}]}},"_links":{"self":[{"href":"https:\/\/www.rome-roma.net\/it\/wp-json\/wp\/v2\/etiquettes_site\/466"}],"collection":[{"href":"https:\/\/www.rome-roma.net\/it\/wp-json\/wp\/v2\/etiquettes_site"}],"about":[{"href":"https:\/\/www.rome-roma.net\/it\/wp-json\/wp\/v2\/taxonomies\/etiquettes_site"}],"wp:post_type":[{"href":"https:\/\/www.rome-roma.net\/it\/wp-json\/wp\/v2\/pages?etiquettes_site=466"},{"href":"https:\/\/www.rome-roma.net\/it\/wp-json\/wp\/v2\/site?etiquettes_site=466"}],"curies":[{"name":"wp","href":"https:\/\/api.w.org\/{rel}","templated":true}]}}